{"id":200,"count":4,"description":"Am\u00e9liorez l'organisation de votre magasin ou atelier avec notre Container en Fibre Cuir de 450 mm, alliant esth\u00e9tique et fonctionnalit\u00e9 pour un rangement optimal.","link":"https:\/\/drancourt.fr\/Shop\/categorie-produit\/accessoires-magasin-mpr-et-atelier\/container-en-fibre-cuir-450-mm\/","name":"Container en Fibre Cuir 450 mm","slug":"container-en-fibre-cuir-450-mm","taxonomy":"product_cat","parent":189,"meta":[],"menu_order":0,"_links":{"self":[{"href":"https:\/\/drancourt.fr\/Shop\/wp-json\/wp\/v2\/product_cat\/200","targetHints":{"allow":["GET"]}}],"collection":[{"href":"https:\/\/drancourt.fr\/Shop\/wp-json\/wp\/v2\/product_cat"}],"about":[{"href":"https:\/\/drancourt.fr\/Shop\/wp-json\/wp\/v2\/taxonomies\/product_cat"}],"up":[{"embeddable":true,"href":"https:\/\/drancourt.fr\/Shop\/wp-json\/wp\/v2\/product_cat\/189"}],"wp:post_type":[{"href":"https:\/\/drancourt.fr\/Shop\/wp-json\/wp\/v2\/product?product_cat=200"}],"curies":[{"name":"wp","href":"https:\/\/api.w.org\/{rel}","templated":true}]}}